{"id":2404,"date":"2022-08-13T01:47:47","date_gmt":"2022-08-13T00:47:47","guid":{"rendered":"https:\/\/bolachas.org\/?p=2404"},"modified":"2022-08-23T15:21:35","modified_gmt":"2022-08-23T14:21:35","slug":"vodafone-paredes-de-coura-2022-our-top-picks","status":"publish","type":"post","link":"https:\/\/bolachas.org\/?p=2404","title":{"rendered":"Vodafone Paredes de Coura 2022: our top picks"},"content":{"rendered":"\n<figure class=\"wp-block-image size-large\"><img loading=\"lazy\" decoding=\"async\" width=\"1024\" height=\"446\" src=\"https:\/\/bolachas.org\/wp-content\/uploads\/2022\/08\/image-1024x446.png\" alt=\"\" class=\"wp-image-2415\" srcset=\"https:\/\/bolachas.org\/wp-content\/uploads\/2022\/08\/image-1024x446.png 1024w, https:\/\/bolachas.org\/wp-content\/uploads\/2022\/08\/image-300x131.png 300w, https:\/\/bolachas.org\/wp-content\/uploads\/2022\/08\/image-768x335.png 768w, https:\/\/bolachas.org\/wp-content\/uploads\/2022\/08\/image-1536x669.png 1536w, https:\/\/bolachas.org\/wp-content\/uploads\/2022\/08\/image-1200x523.png 1200w, https:\/\/bolachas.org\/wp-content\/uploads\/2022\/08\/image.png 1900w\" sizes=\"auto, (max-width: 1024px) 100vw, 1024px\" \/><\/figure>\n\n\n\n<p>The last time I spent two summers in a row without making the yearly pilgrimage to <a href=\"https:\/\/www.paredesdecoura.com\/\" data-type=\"URL\" data-id=\"https:\/\/www.paredesdecoura.com\/\" target=\"_blank\" rel=\"noreferrer noopener\">Paredes de Coura<\/a> was <a rel=\"noreferrer noopener\" href=\"https:\/\/www.paredesdecoura.com\/archive\/2009\/\" target=\"_blank\">2009<\/a>&#8211;<a rel=\"noreferrer noopener\" href=\"https:\/\/www.paredesdecoura.com\/archive\/2010\/\" target=\"_blank\">2010<\/a>. This broke uni student had spent all his yearly savings by traveling to Barcelona for Primavera, looked very deep into the lineup, and couldn&#8217;t find any reason to do it. Fast forward to 2020. &#8220;It&#8217;s been 10 years since my last trip to Barcelona, I&#8217;m coming back&#8221;. For reasons, nobody did; for the same reasons, the little town of Paredes de Coura stood unusually empty during the summers of 2020 and 2021. And even though I ended up returning to Barcelona in 2022, there was no way I&#8217;d skip Vodafone Paredes de Coura ever again like in the previous decades. Better yet, the absolute chaos we endured in Primavera Sound &#8217;22 only made me long for peaceful Coura even more. Even if there&#8217;s a (very likely) painful airport experience ahead of me.<\/p>\n\n\n\n<!--more-->\n\n\n\n<p>Most top European festivals are all about choice, to the point where deciding what to see and how long it takes from one point to the other really starts looking like a chore. Vodafone Paredes de Coura has a deliberately slower pace, with a maximum of two stages operating simultaneously (with a very small overlap). Instead of cramming more bands in the four days of the festival, this year&#8217;s program includes one extra full day of shows (Tuesday), extending the main programme to five days &#8211; 16 to 20 August 2022.<\/p>\n\n\n\n<p>But that&#8217;s not all &#8211; as usual, we will have four extra days of free shows and DJ sets throughout town that serve as a warm up to the festival proper: two nights in the indoors <a rel=\"noreferrer noopener\" href=\"https:\/\/goo.gl\/maps\/FFg237DQbb4YMqWT9\" data-type=\"URL\" data-id=\"https:\/\/goo.gl\/maps\/FFg237DQbb4YMqWT9\" target=\"_blank\">Caixa d<\/a><a rel=\"noreferrer noopener\" href=\"https:\/\/goo.gl\/maps\/FFg237DQbb4YMqWT9\" data-type=\"URL\" data-id=\"https:\/\/goo.gl\/maps\/FFg237DQbb4YMqWT9\" target=\"_blank\">a<\/a><a rel=\"noreferrer noopener\" href=\"https:\/\/goo.gl\/maps\/FFg237DQbb4YMqWT9\" data-type=\"URL\" data-id=\"https:\/\/goo.gl\/maps\/FFg237DQbb4YMqWT9\" target=\"_blank\"> M\u00fasica<\/a> (Friday, 12 and Saturday, 13) and two nights in an <a rel=\"noreferrer noopener\" href=\"https:\/\/goo.gl\/maps\/fGcLtGz19rSrMsVDA\" data-type=\"URL\" data-id=\"https:\/\/goo.gl\/maps\/fGcLtGz19rSrMsVDA\" target=\"_blank\">outdoors stage<\/a>, Palco Super Bock, right next to it in the main town square (Sunday, 14 and Monday, 15). And, yes, it&#8217;s late, and the entire town is fine with late night partying. Alto Minho people are just built different. Make sure you spend some time (and some money) in town during the day &#8211; two years without a festival that brings thousands of visitors to a small town of roughly 2000 people has surely been devastating for countless small businesses. And the food is great.<\/p>\n\n\n\n<p>If it&#8217;s not the first time you&#8217;re reading these articles, you already know this post is absolutely meaningless without our traditional printable timetables; just go ahead and grab the <a rel=\"noreferrer noopener\" href=\"https:\/\/bolachas.org\/horarios\/BolachasPdC22.xlsx\" data-type=\"URL\" data-id=\"https:\/\/bolachas.org\/horarios\/BolachasPdC22.xlsx\" target=\"_blank\">Excel<\/a> file, feel free to use it to highlight your favourites. If you prefer a ready-to-print PDF file, you can download it <a rel=\"noreferrer noopener\" href=\"https:\/\/bolachas.org\/horarios\/BolachasPdC22.pdf\" data-type=\"URL\" data-id=\"https:\/\/bolachas.org\/horarios\/BolachasPdC22.pdf\" target=\"_blank\">here<\/a>; if you&#8217;re looking for mobile-friendly files, check these: <a rel=\"noreferrer noopener\" href=\"https:\/\/bolachas.org\/horarios\/BolachasPdC22-Ter.pdf\" data-type=\"URL\" data-id=\"https:\/\/bolachas.org\/horarios\/BolachasPdC22-Ter.pdf\" target=\"_blank\">Warm-up\/Tuesday<\/a>; <a rel=\"noreferrer noopener\" href=\"https:\/\/bolachas.org\/horarios\/BolachasPdC22-QuaQui.pdf\" data-type=\"URL\" data-id=\"https:\/\/bolachas.org\/horarios\/BolachasPdC22-QuaQui.pdf\" target=\"_blank\">Wednesday\/Thursday<\/a>; <a rel=\"noreferrer noopener\" href=\"https:\/\/bolachas.org\/horarios\/BolachasPdC22-SexSab.pdf\" data-type=\"URL\" data-id=\"https:\/\/bolachas.org\/horarios\/BolachasPdC22-SexSab.pdf\" target=\"_blank\">Friday\/Saturday<\/a>. Please note acts and set times are subject to change; set durations are approximate.<\/p>\n\n\n\n<figure class=\"wp-block-embed is-type-rich is-provider-spotify wp-block-embed-spotify wp-embed-aspect-21-9 wp-has-aspect-ratio\"><div class=\"wp-block-embed__wrapper\">\n<iframe title=\"Spotify Embed: Bolachas VPC\/2022\" style=\"border-radius: 12px\" width=\"100%\" height=\"352\" frameborder=\"0\" allowfullscreen allow=\"autoplay; clipboard-write; encrypted-media; fullscreen; picture-in-picture\" loading=\"lazy\" src=\"https:\/\/open.spotify.com\/embed\/playlist\/1aWEGOfgRRm2gKmTm8RpF7?si=99ebd4c3b6e04676&#038;utm_source=oembed\"><\/iframe>\n<\/div><\/figure>\n\n\n\n<p>If you&#8217;re taking the time to read this, it&#8217;s likely Portuguese is not your first language and you have no idea about the Portuguese music scene. Good thing is, from the 12th to the 16th, it&#8217;s all about the locals. These are some of our favorites.<\/p>\n\n\n\n<p><strong>BALEIA BALEIA BALEIA<\/strong>, Saturday, 13 (23:30, Caixa da M\u00fasica)<\/p>\n\n\n\n<p>Here&#8217;s a band that looks and sounds like they&#8217;re in a perpetual tour. The bass\/drums duo might be based in Porto, but their home is the stage. They&#8217;ve released their second album earlier this year, and although there are no <a rel=\"noreferrer noopener\" href=\"https:\/\/www.youtube.com\/watch?v=uewrYiw61cA\" data-type=\"URL\" data-id=\"https:\/\/www.youtube.com\/watch?v=uewrYiw61cA\" target=\"_blank\">songs about downloading apps<\/a> in this one, the entire thing is a banger fest. Somebody please move their show to one of the main days of the festival.<\/p>\n\n\n\n<p><strong>JOS\u00c9 PINHAL POST-MORTEM EXPERIENCE<\/strong>, Sunday, 14 (00:00, Palco Super Bock)<\/p>\n\n\n\n<figure class=\"wp-block-image size-large\"><img decoding=\"async\" src=\"https:\/\/cdn.bndlyr.com\/_i\/n0xoaqmcpr\/_assets\/jppme-1-cred-renato-cruz-santos.jpg\" alt=\"\"\/><\/figure>\n\n\n\n<p>What if the first big party of the festival involves a bunch of indie musicians from the Porto underground celebrating the life and times of popular singer Jos\u00e9 Pinhal? Pinhal had three tapes released sometime in the mid-80s and was promptly forgotten, until those tapes re-surfaced and were turned into a cult classic by a group of enthusiasts. Even though the Portuguese Rodriguez has tragically died &#8211; way too young &#8211; in a car crash, his legacy lives on through Jos\u00e9 Pinhal Post-Mortem Experience, who have been playing his songs live since 2016.<\/p>\n\n\n\n<p><strong>EVOLS<\/strong>, Monday, 15 (23:30, Palco Super Bock)<\/p>\n\n\n\n<p>Evols have been one of the most consistent bands in the Portuguese underground for the entire 2010s. Infamously known by <a rel=\"noreferrer noopener\" href=\"https:\/\/www.dinheirovivo.pt\/marketing-pub\/escandalo-nas-redes-sociais-everything-is-new-mantem-silencio-12584881.html\" data-type=\"URL\" data-id=\"https:\/\/www.dinheirovivo.pt\/marketing-pub\/escandalo-nas-redes-sociais-everything-is-new-mantem-silencio-12584881.html\" target=\"_blank\">exposing predatory tactics by the biggest promoter in the country<\/a>, the psychedelic rock outfit from Vila do Conde will be presenting III, their third album, released in pandemic times.<\/p>\n\n\n\n<p><strong>CLUB MAKUMBA<\/strong>, Tuesday, 16 (15:00, Vodafone stage)<\/p>\n\n\n\n<p>From the ashes of Dead Combo &#8211; RIP Pedro Gon\u00e7alves &#8211; rises Club Makumba. T\u00f3 Trips&#8217; new partnership with Wraygunn&#8217;s drummer Jo\u00e3o Doce, Gon\u00e7alo Prazeres (saxophone) and Gon\u00e7alo Leonardo (bass guitar\/double bass) is one of the highlights of the first &#8216;proper&#8217; day of the festival. If The Comet is Coming is one of your favourite bands on the lineup, Club Makumba&#8217;s instrumental music with Mediterranean\/African vibes is your pick of the day.<\/p>\n\n\n\n<p><strong>RITA VIAN<\/strong>, Tuesday, 16 (19:45, Vodafone.FM stage)<\/p>\n\n\n\n<p>It&#8217;s hard to talk about Rita Vian and not compare her with Rosal\u00eda &#8211; what the latter did with flamenco, Vian is doing with fado. Fusing traditional fado with contemporary electronica, last year&#8217;s debut EP CAOS&#8217;A was one of the most exciting releases of the year in Portuguese music.<\/p>\n\n\n\n<p><strong>10,000 RUSSOS<\/strong>, Tuesday, 16 (21:15, Vodafone.FM stage)<\/p>\n\n\n\n<figure class=\"wp-block-image size-full\"><img loading=\"lazy\" decoding=\"async\" width=\"968\" height=\"545\" src=\"https:\/\/bolachas.org\/wp-content\/uploads\/2022\/08\/image-1-edited.png\" alt=\"\" class=\"wp-image-2422\" srcset=\"https:\/\/bolachas.org\/wp-content\/uploads\/2022\/08\/image-1-edited.png 968w, https:\/\/bolachas.org\/wp-content\/uploads\/2022\/08\/image-1-edited-300x169.png 300w, https:\/\/bolachas.org\/wp-content\/uploads\/2022\/08\/image-1-edited-768x432.png 768w\" sizes=\"auto, (max-width: 968px) 100vw, 968px\" \/><\/figure>\n\n\n\n<p>Fuzz Club signees 10,000 Russos are probably the Portuguese rock band with the most mileage on the road since northern European people decided they liked Moonspell. A constant presence in the best European psych festivals, the repetition-heavy &#8211; but never boring &#8211; Porto trio had long deserved a prime time show in a big festival at home.<\/p>\n\n\n\n<p><strong>BRUNO PERNADAS<\/strong>, Tuesday, 16 (22:45, Vodafone.FM stage)<\/p>\n\n\n\n<figure class=\"wp-block-image size-large\"><img decoding=\"async\" src=\"https:\/\/cdn.bndlyr.com\/_i\/n0xoaqmcpr\/_assets\/brunopernadas_18-04-21_printcdianamendes-1.jpg\" alt=\"\"\/><\/figure>\n\n\n\n<p>Composer, arranger, producer and musician Bruno Pernadas is the main character in Portuguese contemporary music (absolutely no exaggeration here). Fresh off two festival appearances in Japan, Pernadas (and his eight-piece band) will be presenting his fantastic fourth album, &#8220;Private Reasons&#8221;.<\/p>\n\n\n\n<p><strong>HOMEM EM CATARSE<\/strong>, Wednesday, 17 (16:00, Jazz na Relva stage)<\/p>\n\n\n\n<p>Jack of all trades Afonso Dorido usually spends his time playing with post-rock outfit indignu. This year, he&#8217;s bringing his solo guitar compositions &#8211; as Homem em Catarse &#8211; to the chillest stage in the festival, Jazz na Relva. If you&#8217;re only gonna spend one lazy afternoon near the river, make sure you pick Wednesday. <\/p>\n\n\n\n<p>&#8230; and now, our international picks:<\/p>\n\n\n\n<p><strong>PORRIDGE RADIO<\/strong>, Wednesday, 17 (19:15, Vodafone.FM stage)<\/p>\n\n\n\n<p>Dana Margolin&#8217;s indie rock outfit is one of the hottest names in the festival circuit right now, and for a good reason. Nobody who&#8217;s been paying attention will be surprised to see <em>Waterslide, Diving Board, Ladder to the Sky <\/em>topping indie publications&#8217; lists come December.<\/p>\n\n\n\n<p><strong>DONNY BEN\u00c9T<\/strong>, Thursday, 18 (19:05, Vodafone.FM stage)<\/p>\n\n\n\n<p>Anyone who&#8217;s seen Ben\u00e9t live &#8211; most recently, for the Portuguese crowd, at the excellent <a rel=\"noreferrer noopener\" href=\"https:\/\/www.instagram.com\/virapop\/\" data-type=\"URL\" data-id=\"https:\/\/www.instagram.com\/virapop\/\" target=\"_blank\">Vira Pop<\/a> &#8211; knows that no matter what they&#8217;re doing before the show, they should save their feet for an hour of extreme dancing. There&#8217;s a bunch of keyboards, there&#8217;s the bass, of course there&#8217;s a freaking sax &#8211; it&#8217;s the eighties all over again, and disco is king.<\/p>\n\n\n\n<p><strong>ARP FRIQUE &amp; FAMILY<\/strong>, Friday, 19 (22:30, Vodafone.FM stage)<\/p>\n\n\n\n<p>Born out of Rotterdam&#8217;s melting pot, Arp Frique takes the dance torch from Donny and raises it up high. Cabo Verdean funan\u00e1, Caribbean sounds, Brazilian funk and NYC disco, all in one package &#8211; we can tell they&#8217;re going to be a regular fixture all over the country after this one.<\/p>\n\n\n\n<p><strong>YVES TUMOR<\/strong>, Saturday, 20 (22:00, Vodafone.FM stage)<\/p>\n\n\n\n<p>Every time I read about or listen to Yves Tumor, it&#8217;s impossible to not instantly remember their late night show at NOS Primavera Sound 2019&#8217;s last day. Presenting songs from their (at the time) forthcoming <em>Heaven to a Tortured Mind<\/em>, it felt like they had been hired to bulldoze us all, waking us up from our tired state after three days of festival. We&#8217;ll probably need that again after so many days of partying, so thanks for this.<\/p>\n","protected":false},"excerpt":{"rendered":"<p>The last time I spent two summers in a row without making the yearly pilgrimage to Paredes de Coura was 2009&#8211;2010. This broke uni student had spent all his yearly savings by traveling to Barcelona for Primavera, looked very deep into the lineup, and couldn&#8217;t find any reason to do it. Fast forward to 2020. [&hellip;]<\/p>\n","protected":false},"author":1,"featured_media":0,"comment_status":"closed","ping_status":"closed","sticky":false,"template":"","format":"standard","meta":{"om_disable_all_campaigns":false,"_monsterinsights_skip_tracking":false,"_monsterinsights_sitenote_active":false,"_monsterinsights_sitenote_note":"","_monsterinsights_sitenote_category":0,"_uf_show_specific_survey":0,"_uf_disable_surveys":false,"footnotes":""},"categories":[134],"tags":[177,3334,3341,1258,3338,3335,3339,3336,3340,3343,359,2423,3337,358,3333,298],"class_list":["post-2404","post","type-post","status-publish","format-standard","hentry","category-live","tag-10000-russos","tag-arp-frique","tag-baleia-baleia-baleia","tag-bruno-pernadas","tag-club-makumba","tag-donny-benet","tag-evols","tag-homem-em-catarse","tag-jose-pinhal","tag-live","tag-paredes-de-coura","tag-porridge-radio","tag-rita-vian","tag-vodafone-paredes-de-coura","tag-vpc22","tag-yves-tumor"],"aioseo_notices":[],"_links":{"self":[{"href":"https:\/\/bolachas.org\/index.php?rest_route=\/wp\/v2\/posts\/2404","targetHints":{"allow":["GET"]}}],"collection":[{"href":"https:\/\/bolachas.org\/index.php?rest_route=\/wp\/v2\/posts"}],"about":[{"href":"https:\/\/bolachas.org\/index.php?rest_route=\/wp\/v2\/types\/post"}],"author":[{"embeddable":true,"href":"https:\/\/bolachas.org\/index.php?rest_route=\/wp\/v2\/users\/1"}],"replies":[{"embeddable":true,"href":"https:\/\/bolachas.org\/index.php?rest_route=%2Fwp%2Fv2%2Fcomments&post=2404"}],"version-history":[{"count":7,"href":"https:\/\/bolachas.org\/index.php?rest_route=\/wp\/v2\/posts\/2404\/revisions"}],"predecessor-version":[{"id":2426,"href":"https:\/\/bolachas.org\/index.php?rest_route=\/wp\/v2\/posts\/2404\/revisions\/2426"}],"wp:attachment":[{"href":"https:\/\/bolachas.org\/index.php?rest_route=%2Fwp%2Fv2%2Fmedia&parent=2404"}],"wp:term":[{"taxonomy":"category","embeddable":true,"href":"https:\/\/bolachas.org\/index.php?rest_route=%2Fwp%2Fv2%2Fcategories&post=2404"},{"taxonomy":"post_tag","embeddable":true,"href":"https:\/\/bolachas.org\/index.php?rest_route=%2Fwp%2Fv2%2Ftags&post=2404"}],"curies":[{"name":"wp","href":"https:\/\/api.w.org\/{rel}","templated":true}]}}